{"id":3724,"date":"2021-01-26T20:03:17","date_gmt":"2021-01-26T20:03:17","guid":{"rendered":"https:\/\/plataformafosaspaterna.org\/?p=3724"},"modified":"2021-02-02T17:43:12","modified_gmt":"2021-02-02T17:43:12","slug":"buscamos-a-los-familiares-de-la-fosa-21","status":"publish","type":"post","link":"https:\/\/plataformafosaspaterna.org\/?p=3724","title":{"rendered":"Buscamos a los familiares de las v\u00edctimas de la fosa 21"},"content":{"rendered":"<div class=\"kvgmc6g5 cxmmr5t8 oygrvhab hcukyx3x c1et5uql ii04i59q\">\n<div dir=\"auto\">Estamos buscando a los familiares de la <a class=\"oajrlxb2 g5ia77u1 qu0x051f esr5mh6w e9989ue4 r7d6kgcz rq0escxv nhd2j8a9 nc684nl6 p7hjln8o kvgmc6g5 cxmmr5t8 oygrvhab hcukyx3x jb3vyjys rz4wbd8a qt6c0cv9 a8nywdso i1ao9s8h esuyzwwr f1sip0of lzcic4wl q66pz984 gpro0wi8 b1v8xokw\" tabindex=\"0\" role=\"link\" href=\"https:\/\/www.facebook.com\/hashtag\/fosa21?__eep__=6&amp;__cft__[0]=AZVpFnF9vB5tIkSH1ZoZFXYcuA4XEkFpps3PiSaUjKd01AFGD4B5LLxi1e28-uzHKaen_Yurwyu0Czwr30IGozrIibAUrrh_Bok9jfVjfLKPBF5IE2HTkae5gTpDYdzt4hQf0Mf_uGofg25_sGsWawrp&amp;__tn__=*NK-R\">#fosa21<\/a> de Paterna (Val\u00e8ncia).<\/div>\n<\/div>\n<div class=\"o9v6fnle cxmmr5t8 oygrvhab hcukyx3x c1et5uql ii04i59q\">\n<div dir=\"auto\">A lo largo de este a\u00f1o se iniciar\u00e1 la apertura de la fosa y se proceder\u00e1 a la exhumaci\u00f3n de los cuerpos, desgraciadamente, a\u00fan faltan familiares por localizar y ser\u00eda de agradecer poder encontrarlas para devolver dichos cuerpos a sus familias.<\/div>\n<\/div>\n<div class=\"o9v6fnle cxmmr5t8 oygrvhab hcukyx3x c1et5uql ii04i59q\">\n<div dir=\"auto\">Os dejo el tuit que publicamos (<a class=\"oajrlxb2 g5ia77u1 qu0x051f esr5mh6w e9989ue4 r7d6kgcz rq0escxv nhd2j8a9 nc684nl6 p7hjln8o kvgmc6g5 cxmmr5t8 oygrvhab hcukyx3x jb3vyjys rz4wbd8a qt6c0cv9 a8nywdso i1ao9s8h esuyzwwr f1sip0of lzcic4wl py34i1dx gpro0wi8\" tabindex=\"0\" role=\"link\" href=\"https:\/\/twitter.com\/anadelarosacs\/status\/1350082279020883969?s=20&amp;fbclid=IwAR2J31RBz5W9H_-V-inqxm7S7Ti58cm0yaHAtcoZdoh2FaaKeRAF4PbrHfk\" target=\"_blank\" rel=\"nofollow noopener\">https:\/\/twitter.com\/anadela&#8230;\/status\/1350082279020883969&#8230;<\/a>) y la lista en este mismo post, estos son los que faltan:<\/div>\n<div dir=\"auto\"><\/div>\n<\/div>\n<div class=\"o9v6fnle cxmmr5t8 oygrvhab hcukyx3x c1et5uql ii04i59q\">\n<div dir=\"auto\">1. Bautista Va\u00f1\u00f3 Sirera (Bocairent)<\/div>\n<div dir=\"auto\">6. Tomas Beneyto Miralles (Bocairent)<\/div>\n<div dir=\"auto\">9. Leopoldo Verdu Monerris (Bocairent)<\/div>\n<div dir=\"auto\">10. Manuel Ferre Mart\u00edn (Bocairent)<\/div>\n<div dir=\"auto\">12. Juli\u00e1n Aparicio Moreno (Cartagena)<\/div>\n<div dir=\"auto\">13. Antonio Vacas Gim\u00e9nez (C\u00f3rdoba)<\/div>\n<div dir=\"auto\">14. Jes\u00fas Lliri Gonz\u00e1lez (Mislata)<\/div>\n<div dir=\"auto\">15. Francisco Mart\u00ed Fusa (Ontinyent)<\/div>\n<div dir=\"auto\">17. Jose Maria Calatayud Alonso (Val\u00e8ncia)<\/div>\n<div dir=\"auto\">18. Joaqu\u00edn Tirado Tomas (Val\u00e8ncia)<\/div>\n<div dir=\"auto\">19. Tomas Escribano Martinez (Val\u00e8ncia)<\/div>\n<div dir=\"auto\">20. Manuel Segundo Eixea Vilar (Vila-real)<\/div>\n<div dir=\"auto\">22. Salvador Lloris Epila (Alfara del Patriarca)<\/div>\n<div dir=\"auto\">23. Salvador Valls Molins (Alfara del Patriarca)<\/div>\n<div dir=\"auto\">24. Bartolom\u00e9 Chapa Bond\u00eda (Alfara del Patriarca)<\/div>\n<div dir=\"auto\">25. Bautista Estelles Soriano (Benicarl\u00f3)<\/div>\n<div dir=\"auto\">26. Manuel Valverde Benitez (Ja\u00e9n)<\/div>\n<div dir=\"auto\">27. Jose Pozo Sanchez (Caravaca de la Cruz)<\/div>\n<div dir=\"auto\">28. Tiburcio Martin Sorribes (Castell\u00f3 de la Plana)<\/div>\n<div dir=\"auto\">29. Juan Ar\u00edn Melo (Castell\u00f3 de la Plana)<\/div>\n<div dir=\"auto\">30. Jos\u00e9 Pastor Ca\u00f1ete (Ontinyent)<\/div>\n<div dir=\"auto\">31. Manuel Torr\u00f3 Tormo (Ontinyent)<\/div>\n<div dir=\"auto\">32. Enrique Soler Gramaje (Paterna)<\/div>\n<div dir=\"auto\">33. Jes\u00fas Reig Pe\u00f1a (Tavernes Blanques)<\/div>\n<div dir=\"auto\">34. Jos\u00e9 Alcaide Mu\u00f1oz (Val\u00e8ncia)<\/div>\n<div dir=\"auto\">35. Jos\u00e9 Huguet Miralles (Val\u00e8ncia)<\/div>\n<div dir=\"auto\">36. Jos\u00e9 Leiva Mart\u00ednez (Val\u00e8ncia)<\/div>\n<div dir=\"auto\">37. Manuel Gomez Coll (Val\u00e8ncia)<\/div>\n<div dir=\"auto\">38. Angel Priyuelo Villacampa (Val\u00e8ncia)<\/div>\n<div dir=\"auto\">40. Jes\u00fas Dom\u00ednguez Molinero (Albacete)<\/div>\n<div dir=\"auto\">41. Marcelino Mar\u00edn Solaz (Calles)<\/div>\n<div dir=\"auto\">43. Clemente Ordiz Fernandez (Madrid)<\/div>\n<div dir=\"auto\">44. Jos\u00e9 Valor Gil (Ontinyent)<\/div>\n<div dir=\"auto\">45. Gerardo Montagud Ubeda (Ontinyent)<\/div>\n<div dir=\"auto\">47. Francisco Ferrero Llopis (Ontinyent)<\/div>\n<div dir=\"auto\">48. Antonio Tormo Gandia (Ontinyent)<\/div>\n<div dir=\"auto\">50. Luis Montes Calabuig (Ontinyent)<\/div>\n<div dir=\"auto\">51. Roberto Llin Jorda (Ontinyent)<\/div>\n<div dir=\"auto\">52. Antonio Soler Soler (Ontinyent)<\/div>\n<div dir=\"auto\">53. Jos\u00e9 Soler Soler (Ontinyent)<\/div>\n<div dir=\"auto\">55. Aurelio Sagadero Adeba (Val\u00e8ncia)<\/div>\n<div dir=\"auto\">56. Rafael Estruch Ribes (Val\u00e8ncia)<\/div>\n<div dir=\"auto\">57. Rafael Maya Pedro (Val\u00e8ncia)<\/div>\n<div dir=\"auto\">58. Juan G\u00f3mez L\u00f3pez (Val\u00e8ncia)<\/div>\n<div dir=\"auto\">60. Praxedes Rochina Embuena (Bugarra)<\/div>\n<div dir=\"auto\">61. Carmen Martinez Fortea (Catarroja)<\/div>\n<div dir=\"auto\">63. Francisca Ballester Nogueras (Catarroja)<\/div>\n<div dir=\"auto\">64. Marcos Gascon Cuevas (Losa del Obispo)<\/div>\n<div dir=\"auto\">65. F\u00e9lix Royo Alcacer (Manises)<\/div>\n<div dir=\"auto\">67. Manuel Soler Gomez (Quart de Poblet)<\/div>\n<div dir=\"auto\">68. Onofre Sanmartin Valldecabres (Quart de Poblet)<\/div>\n<div dir=\"auto\">69. \u00c1ngel Sanmartin Vento (Quart de Poblet)<\/div>\n<div dir=\"auto\">71. Antonio Monzo Fita (Quart de Poblet)<\/div>\n<div dir=\"auto\">73. Ram\u00f3n Pla Sanz (Quart de Poblet)<\/div>\n<div dir=\"auto\">75. Sandalio L\u00f3pez Gim\u00e9nez (Quart de Poblet)<\/div>\n<div dir=\"auto\">76. Salvador Blasco Serer (Torrent)<\/div>\n<div dir=\"auto\">77. Salvador Herv\u00e1s Nogueres (Carlet)<\/div>\n<div dir=\"auto\"><\/div>\n<\/div>\n<div class=\"o9v6fnle cxmmr5t8 oygrvhab hcukyx3x c1et5uql ii04i59q\">\n<div dir=\"auto\">Pod\u00e9is contactar con la Asociaci\u00f3n de Familiares de la Fosa 21 del Cementerio de Paterna a trav\u00e9s del correo pilitaberner@hotmail.com<\/div>\n<div dir=\"auto\"><\/div>\n<\/div>\n<div class=\"o9v6fnle cxmmr5t8 oygrvhab hcukyx3x c1et5uql ii04i59q\">\n<div dir=\"auto\">\u00a1Gracias!<\/div>\n<\/div>\n","protected":false},"excerpt":{"rendered":"<p>Estamos buscando a los familiares de la #fosa21 de Paterna (Val\u00e8ncia). A lo largo de este a\u00f1o se iniciar\u00e1 la apertura de la fosa y se proceder\u00e1 a la exhumaci\u00f3n de los cuerpos, desgraciadamente, a\u00fan faltan familiares por localizar y ser\u00eda de agradecer poder encontrarlas para devolver dichos cuerpos a sus familias. Os dejo el&hellip;&nbsp;<a href=\"https:\/\/plataformafosaspaterna.org\/?p=3724\" class=\"\" rel=\"bookmark\">Leer m\u00e1s &raquo;<span class=\"screen-reader-text\">Buscamos a los familiares de las v\u00edctimas de la fosa 21<\/span><\/a><\/p>\n","protected":false},"author":2,"featured_media":0,"comment_status":"open","ping_status":"open","sticky":false,"template":"","format":"standard","meta":{"_monsterinsights_skip_tracking":false,"_monsterinsights_sitenote_active":false,"_monsterinsights_sitenote_note":"","_monsterinsights_sitenote_category":0,"neve_meta_sidebar":"full-width","neve_meta_container":"full-width","neve_meta_enable_content_width":"on","neve_meta_content_width":90,"neve_meta_title_alignment":"","neve_meta_author_avatar":"","neve_post_elements_order":"","neve_meta_disable_header":"","neve_meta_disable_footer":"","neve_meta_disable_title":"","footnotes":""},"categories":[1],"tags":[48,50],"class_list":["post-3724","post","type-post","status-publish","format-standard","hentry","category-sin-categoria","tag-exhumacions","tag-fossa-21"],"lang":"ca","translations":{"ca":3724},"pll_sync_post":[],"_links":{"self":[{"href":"https:\/\/plataformafosaspaterna.org\/index.php?rest_route=\/wp\/v2\/posts\/3724","targetHints":{"allow":["GET"]}}],"collection":[{"href":"https:\/\/plataformafosaspaterna.org\/index.php?rest_route=\/wp\/v2\/posts"}],"about":[{"href":"https:\/\/plataformafosaspaterna.org\/index.php?rest_route=\/wp\/v2\/types\/post"}],"author":[{"embeddable":true,"href":"https:\/\/plataformafosaspaterna.org\/index.php?rest_route=\/wp\/v2\/users\/2"}],"replies":[{"embeddable":true,"href":"https:\/\/plataformafosaspaterna.org\/index.php?rest_route=%2Fwp%2Fv2%2Fcomments&post=3724"}],"version-history":[{"count":3,"href":"https:\/\/plataformafosaspaterna.org\/index.php?rest_route=\/wp\/v2\/posts\/3724\/revisions"}],"predecessor-version":[{"id":3764,"href":"https:\/\/plataformafosaspaterna.org\/index.php?rest_route=\/wp\/v2\/posts\/3724\/revisions\/3764"}],"wp:attachment":[{"href":"https:\/\/plataformafosaspaterna.org\/index.php?rest_route=%2Fwp%2Fv2%2Fmedia&parent=3724"}],"wp:term":[{"taxonomy":"category","embeddable":true,"href":"https:\/\/plataformafosaspaterna.org\/index.php?rest_route=%2Fwp%2Fv2%2Fcategories&post=3724"},{"taxonomy":"post_tag","embeddable":true,"href":"https:\/\/plataformafosaspaterna.org\/index.php?rest_route=%2Fwp%2Fv2%2Ftags&post=3724"}],"curies":[{"name":"wp","href":"https:\/\/api.w.org\/{rel}","templated":true}]}}