{"id":3735,"date":"2021-01-27T16:18:14","date_gmt":"2021-01-27T16:18:14","guid":{"rendered":"https:\/\/plataformafosaspaterna.org\/?p=3735"},"modified":"2021-02-02T17:42:48","modified_gmt":"2021-02-02T17:42:48","slug":"buscamos-a-los-familiares-de-las-victimas-de-la-fosa-126","status":"publish","type":"post","link":"https:\/\/plataformafosaspaterna.org\/?p=3735","title":{"rendered":"Busquem als familiars de les v\u00edctimes de la fossa 126"},"content":{"rendered":"<p>Estan previstes per al present any 2021 les tasques d\u2019exhumaci\u00f3, identificaci\u00f3 i, si s\u2019escau, retornament de les restes a les fam\u00edlies, gr\u00e0cies a la Conselleria de Participaci\u00f3, Transpar\u00e8ncia, Cooperaci\u00f3 i Qualitat Democr\u00e0tica. Des de l\u2019<strong>Associaci\u00f3 de Familiars V\u00edctimes del Franquisme Fossa 126 de Paterna<\/strong>, demanem la vostra col\u00b7laboraci\u00f3 per a localitzar-los.<\/p>\n<p><img decoding=\"async\" class=\"alignnone size-medium wp-image-3759\" src=\"https:\/\/plataformafosaspaterna.org\/wp-content\/uploads\/2021\/01\/Cartell_Fossa126_Reclam.2.jpg\" alt=\"\" width=\"1\" height=\"1\" \/><img decoding=\"async\" src=\"https:\/\/plataformafosaspaterna.org\/wp-content\/uploads\/2021\/01\/Cartell_Fossa126_Reclam.2.jpg\" \/><img decoding=\"async\" src=\"https:\/\/plataformafosaspaterna.org\/wp-content\/uploads\/2021\/01\/Cartell_Fossa126_Reclam3.jpg\" \/><\/p>\n<p><img decoding=\"async\" class=\"alignnone size-medium wp-image-3757\" src=\"https:\/\/plataformafosaspaterna.org\/wp-content\/uploads\/2021\/01\/Cartell_Fossa126_Reclam3.jpg\" alt=\"\" width=\"1\" height=\"1\" \/><\/p>\n","protected":false},"excerpt":{"rendered":"<p>Estan previstes per al present any 2021 les tasques d\u2019exhumaci\u00f3, identificaci\u00f3 i, si s\u2019escau, retornament de les restes a les fam\u00edlies, gr\u00e0cies a la Conselleria de Participaci\u00f3, Transpar\u00e8ncia, Cooperaci\u00f3 i Qualitat Democr\u00e0tica. Des de l\u2019Associaci\u00f3 de Familiars V\u00edctimes del Franquisme Fossa 126 de Paterna, demanem la vostra col\u00b7laboraci\u00f3 per a localitzar-los.<\/p>\n","protected":false},"author":2,"featured_media":0,"comment_status":"open","ping_status":"open","sticky":false,"template":"","format":"standard","meta":{"_monsterinsights_skip_tracking":false,"_monsterinsights_sitenote_active":false,"_monsterinsights_sitenote_note":"","_monsterinsights_sitenote_category":0,"neve_meta_sidebar":"full-width","neve_meta_container":"full-width","neve_meta_enable_content_width":"on","neve_meta_content_width":90,"neve_meta_title_alignment":"","neve_meta_author_avatar":"","neve_post_elements_order":"","neve_meta_disable_header":"","neve_meta_disable_footer":"","neve_meta_disable_title":"","footnotes":""},"categories":[1],"tags":[48,53],"class_list":["post-3735","post","type-post","status-publish","format-standard","hentry","category-sin-categoria","tag-exhumacions","tag-fossa-126"],"lang":"ca","translations":{"ca":3735},"pll_sync_post":[],"_links":{"self":[{"href":"https:\/\/plataformafosaspaterna.org\/index.php?rest_route=\/wp\/v2\/posts\/3735","targetHints":{"allow":["GET"]}}],"collection":[{"href":"https:\/\/plataformafosaspaterna.org\/index.php?rest_route=\/wp\/v2\/posts"}],"about":[{"href":"https:\/\/plataformafosaspaterna.org\/index.php?rest_route=\/wp\/v2\/types\/post"}],"author":[{"embeddable":true,"href":"https:\/\/plataformafosaspaterna.org\/index.php?rest_route=\/wp\/v2\/users\/2"}],"replies":[{"embeddable":true,"href":"https:\/\/plataformafosaspaterna.org\/index.php?rest_route=%2Fwp%2Fv2%2Fcomments&post=3735"}],"version-history":[{"count":15,"href":"https:\/\/plataformafosaspaterna.org\/index.php?rest_route=\/wp\/v2\/posts\/3735\/revisions"}],"predecessor-version":[{"id":3765,"href":"https:\/\/plataformafosaspaterna.org\/index.php?rest_route=\/wp\/v2\/posts\/3735\/revisions\/3765"}],"wp:attachment":[{"href":"https:\/\/plataformafosaspaterna.org\/index.php?rest_route=%2Fwp%2Fv2%2Fmedia&parent=3735"}],"wp:term":[{"taxonomy":"category","embeddable":true,"href":"https:\/\/plataformafosaspaterna.org\/index.php?rest_route=%2Fwp%2Fv2%2Fcategories&post=3735"},{"taxonomy":"post_tag","embeddable":true,"href":"https:\/\/plataformafosaspaterna.org\/index.php?rest_route=%2Fwp%2Fv2%2Ftags&post=3735"}],"curies":[{"name":"wp","href":"https:\/\/api.w.org\/{rel}","templated":true}]}}