{"id":3821,"date":"2021-02-01T16:48:30","date_gmt":"2021-02-01T16:48:30","guid":{"rendered":"https:\/\/plataformafosaspaterna.org\/?p=3821"},"modified":"2021-02-02T17:39:13","modified_gmt":"2021-02-02T17:39:13","slug":"buscamos-familiares-de-represaliados-por-el-franquismo-fusilados-en-paterna-el-3-de-agosto-de-1939","status":"publish","type":"post","link":"https:\/\/plataformafosaspaterna.org\/?p=3821","title":{"rendered":"Buscamos familiares de represaliados por el franquismo, fusilados en Paterna el 3 de Agosto de 1939"},"content":{"rendered":"<p style=\"font-weight: 400;\">Estamos buscando familiares de represaliados por el franquismo, fusilados en Paterna el 3 de Agosto de 1939.<\/p>\n<p style=\"font-weight: 400;\">Actualmente, se han encontrado y exhumado unas 19 v\u00edctimas (fosa 15 y 13-14) y los cuerpos han sido trasladados a laboratorio para la realizaci\u00f3n de pruebas antropol\u00f3gicas y an\u00e1lisis de ADN.<\/p>\n<p style=\"font-weight: 400;\">Para poder proceder a las tareas de identificaci\u00f3n de las v\u00edctimas, y dar la oportunidad a sus familias de decidir sobre el destino de sus restos, la asociaci\u00f3n est\u00e1 buscando a sus familiares m\u00e1s directos.<\/p>\n<p style=\"font-weight: 400;\">Estas son las personas de las que nos falta por localizar familiares:<\/p>\n<p style=\"font-weight: 400;\">&#8211; Enrique Estela Gadea (Alginet)<\/p>\n<p style=\"font-weight: 400;\">&#8211; Eugenio Lladr\u00f3 Mart\u00ed (Alginet)<\/p>\n<p style=\"font-weight: 400;\">&#8211; Bartolom\u00e9 Asensi Carri\u00f3 (Almussafes)<\/p>\n<p style=\"font-weight: 400;\">&#8211; Gonzalo Mart\u00ednez Caballer (Bugarra)<\/p>\n<p style=\"font-weight: 400;\">&#8211; Enrique (Santo) Tom\u00e1s V\u00e1zquez (Catarroja)<\/p>\n<p style=\"font-weight: 400;\">&#8211; Mateo Gasc\u00f3n Cuevas (Losa del Obispo)<\/p>\n<p style=\"font-weight: 400;\">&#8211; Ram\u00f3n Pru\u00f1onosa Ferreres (Santa Magdalena de Polpis)<\/p>\n<p style=\"font-weight: 400;\">&#8211; Rafael Casta\u00f1o Cascajosa (Picassent)<\/p>\n<p style=\"font-weight: 400;\">&#8211; Jes\u00fas Caballer Ballester (Valencia)<\/p>\n<p style=\"font-weight: 400;\">&#8211; Jos\u00e9 Peregrina Ben\u00edtez (Granada)<\/p>\n<p style=\"font-weight: 400;\">Si es Ud. familia de esta persona, puede ponerse en contacto con la asociaci\u00f3n a trav\u00e9s del siguiente correo electr\u00f3nico:\u00a0<strong><a href=\"mailto:FamiliasFusiladosPaterna3Ago39@gmail.com\">FamiliasFusiladosPaterna3Ago39@gmail.com<\/a><\/strong>\u00a0y se le facilitar\u00e1 toda la informaci\u00f3n que necesite.<\/p>\n","protected":false},"excerpt":{"rendered":"<p>Estamos buscando familiares de represaliados por el franquismo, fusilados en Paterna el 3 de Agosto de 1939. Actualmente, se han encontrado y exhumado unas 19 v\u00edctimas (fosa 15 y 13-14) y los cuerpos han sido trasladados a laboratorio para la realizaci\u00f3n de pruebas antropol\u00f3gicas y an\u00e1lisis de ADN. Para poder proceder a las tareas de&hellip;&nbsp;<a href=\"https:\/\/plataformafosaspaterna.org\/?p=3821\" class=\"\" rel=\"bookmark\">Leer m\u00e1s &raquo;<span class=\"screen-reader-text\">Buscamos familiares de represaliados por el franquismo, fusilados en Paterna el 3 de Agosto de 1939<\/span><\/a><\/p>\n","protected":false},"author":6,"featured_media":0,"comment_status":"open","ping_status":"open","sticky":false,"template":"","format":"standard","meta":{"_monsterinsights_skip_tracking":false,"_monsterinsights_sitenote_active":false,"_monsterinsights_sitenote_note":"","_monsterinsights_sitenote_category":0,"neve_meta_sidebar":"full-width","neve_meta_container":"full-width","neve_meta_enable_content_width":"on","neve_meta_content_width":90,"neve_meta_title_alignment":"","neve_meta_author_avatar":"","neve_post_elements_order":"","neve_meta_disable_header":"","neve_meta_disable_footer":"","neve_meta_disable_title":"","footnotes":""},"categories":[1],"tags":[48,63,65,67],"class_list":["post-3821","post","type-post","status-publish","format-standard","hentry","category-sin-categoria","tag-exhumacions","tag-fosa-13-ca","tag-fosa-14-ca","tag-fosa-15-ca"],"lang":"ca","translations":{"ca":3821},"pll_sync_post":[],"_links":{"self":[{"href":"https:\/\/plataformafosaspaterna.org\/index.php?rest_route=\/wp\/v2\/posts\/3821","targetHints":{"allow":["GET"]}}],"collection":[{"href":"https:\/\/plataformafosaspaterna.org\/index.php?rest_route=\/wp\/v2\/posts"}],"about":[{"href":"https:\/\/plataformafosaspaterna.org\/index.php?rest_route=\/wp\/v2\/types\/post"}],"author":[{"embeddable":true,"href":"https:\/\/plataformafosaspaterna.org\/index.php?rest_route=\/wp\/v2\/users\/6"}],"replies":[{"embeddable":true,"href":"https:\/\/plataformafosaspaterna.org\/index.php?rest_route=%2Fwp%2Fv2%2Fcomments&post=3821"}],"version-history":[{"count":1,"href":"https:\/\/plataformafosaspaterna.org\/index.php?rest_route=\/wp\/v2\/posts\/3821\/revisions"}],"predecessor-version":[{"id":3822,"href":"https:\/\/plataformafosaspaterna.org\/index.php?rest_route=\/wp\/v2\/posts\/3821\/revisions\/3822"}],"wp:attachment":[{"href":"https:\/\/plataformafosaspaterna.org\/index.php?rest_route=%2Fwp%2Fv2%2Fmedia&parent=3821"}],"wp:term":[{"taxonomy":"category","embeddable":true,"href":"https:\/\/plataformafosaspaterna.org\/index.php?rest_route=%2Fwp%2Fv2%2Fcategories&post=3821"},{"taxonomy":"post_tag","embeddable":true,"href":"https:\/\/plataformafosaspaterna.org\/index.php?rest_route=%2Fwp%2Fv2%2Ftags&post=3821"}],"curies":[{"name":"wp","href":"https:\/\/api.w.org\/{rel}","templated":true}]}}