{"id":4146,"date":"2022-10-06T17:37:18","date_gmt":"2022-10-06T17:37:18","guid":{"rendered":"https:\/\/plataformafosaspaterna.org\/?p=4146"},"modified":"2022-10-06T17:59:21","modified_gmt":"2022-10-06T17:59:21","slug":"fosa-94-se-entreganlos-restos-de-diez-victimas-del-franquismo-83-anos-despues-de-su-asesinato","status":"publish","type":"post","link":"https:\/\/plataformafosaspaterna.org\/?p=4146","title":{"rendered":"Fosa 94: Se entregan los restos de diez v\u00edctimas del franquismo 83 a\u00f1os despu\u00e9s de su asesinato"},"content":{"rendered":"<p><a href=\"https:\/\/www.elsaltodiario.com\/memoria-historica\/identifican-entregan-restos-diez-victimas-franquismo-83-anos-despues-de-su-asesinato\" target=\"_blank\" rel=\"noopener\">https:\/\/www.elsaltodiario.com\/memoria-historica\/identifican-entregan-restos-diez-victimas-franquismo-83-anos-despues-de-su-asesinato<\/a><!--more--><!--more--><!--more--><\/p>\n","protected":false},"excerpt":{"rendered":"<p>https:\/\/www.elsaltodiario.com\/memoria-historica\/identifican-entregan-restos-diez-victimas-franquismo-83-anos-despues-de-su-asesinato<\/p>\n","protected":false},"author":9,"featured_media":0,"comment_status":"open","ping_status":"open","sticky":false,"template":"","format":"standard","meta":{"_monsterinsights_skip_tracking":false,"_monsterinsights_sitenote_active":false,"_monsterinsights_sitenote_note":"","_monsterinsights_sitenote_category":0,"neve_meta_sidebar":"","neve_meta_container":"","neve_meta_enable_content_width":"off","neve_meta_content_width":70,"neve_meta_title_alignment":"","neve_meta_author_avatar":"","neve_post_elements_order":"","neve_meta_disable_header":"","neve_meta_disable_footer":"","neve_meta_disable_title":"","footnotes":""},"categories":[1],"tags":[],"class_list":["post-4146","post","type-post","status-publish","format-standard","hentry","category-sin-categoria"],"lang":"ca","translations":{"ca":4146},"pll_sync_post":[],"_links":{"self":[{"href":"https:\/\/plataformafosaspaterna.org\/index.php?rest_route=\/wp\/v2\/posts\/4146","targetHints":{"allow":["GET"]}}],"collection":[{"href":"https:\/\/plataformafosaspaterna.org\/index.php?rest_route=\/wp\/v2\/posts"}],"about":[{"href":"https:\/\/plataformafosaspaterna.org\/index.php?rest_route=\/wp\/v2\/types\/post"}],"author":[{"embeddable":true,"href":"https:\/\/plataformafosaspaterna.org\/index.php?rest_route=\/wp\/v2\/users\/9"}],"replies":[{"embeddable":true,"href":"https:\/\/plataformafosaspaterna.org\/index.php?rest_route=%2Fwp%2Fv2%2Fcomments&post=4146"}],"version-history":[{"count":5,"href":"https:\/\/plataformafosaspaterna.org\/index.php?rest_route=\/wp\/v2\/posts\/4146\/revisions"}],"predecessor-version":[{"id":4154,"href":"https:\/\/plataformafosaspaterna.org\/index.php?rest_route=\/wp\/v2\/posts\/4146\/revisions\/4154"}],"wp:attachment":[{"href":"https:\/\/plataformafosaspaterna.org\/index.php?rest_route=%2Fwp%2Fv2%2Fmedia&parent=4146"}],"wp:term":[{"taxonomy":"category","embeddable":true,"href":"https:\/\/plataformafosaspaterna.org\/index.php?rest_route=%2Fwp%2Fv2%2Fcategories&post=4146"},{"taxonomy":"post_tag","embeddable":true,"href":"https:\/\/plataformafosaspaterna.org\/index.php?rest_route=%2Fwp%2Fv2%2Ftags&post=4146"}],"curies":[{"name":"wp","href":"https:\/\/api.w.org\/{rel}","templated":true}]}}