{"id":4562,"date":"2023-11-23T17:32:30","date_gmt":"2023-11-23T17:32:30","guid":{"rendered":"https:\/\/plataformafosaspaterna.org\/?p=4562"},"modified":"2023-11-23T17:32:30","modified_gmt":"2023-11-23T17:32:30","slug":"4459-2","status":"publish","type":"post","link":"https:\/\/plataformafosaspaterna.org\/?p=4562","title":{"rendered":"Diputaci\u00f3n de Valencia otorga una subvenci\u00f3n a la Asociaci\u00f3n de Familiares de V\u00edctimas del Franquismo de la Fosa Com\u00fan 139 en Paterna"},"content":{"rendered":"<p>La <strong>Asociaci\u00f3n de Familiares de V\u00edctimas del Franquismo de la Fosa Com\u00fan n\u00ba139 del Cementerio Civil de Paterna<\/strong> le ha sido adjudicada una subvenci\u00f3n por parte de la Diputaci\u00f3n de Valencia y su Delegaci\u00f3n de Memoria.<\/p>\n<p>En este caso el <strong>objetivo es localizar, excavar, exhumar estudiar e identificar a 3 v\u00edctimas asesinadas en agosto de 1942<\/strong> la cuales se hallan presumiblemente en la Fosa 139 del 1\u00ba Cuadrante Primero Izquierda del Cementerio Municipal de Paterna.<\/p>\n<p>Para ello la <strong>Diputaci\u00f3n de Val\u00e8ncia ha otorgado a esta agrupaci\u00f3n un total de 20.052\u201912 \u20ac<\/strong>, de los cuales 9.767\u201912 \u20ac han sido destinados a los trabajos de campo (localizaci\u00f3n y exhumaci\u00f3n de las v\u00edctimas), la cual ha concluido con \u00e9xito. Mientras que los 10.285 \u20ac restantes ser\u00e1n utilizados en los trabajos de postexcavaci\u00f3n como son los informes Arqueol\u00f3gicos, Antropol\u00f3gicos y Gen\u00e9ticos.<\/p>\n<p><img fetchpriority=\"high\" decoding=\"async\" class=\"alignnone size-medium wp-image-4461\" src=\"https:\/\/plataformafosaspaterna.org\/wp-content\/uploads\/2023\/02\/003-Fosa-139-C.Paterna-Foto-Eloy-Ariza-ArqueoAntro-copia-300x200.jpg\" alt=\"\" width=\"300\" height=\"200\" srcset=\"https:\/\/plataformafosaspaterna.org\/wp-content\/uploads\/2023\/02\/003-Fosa-139-C.Paterna-Foto-Eloy-Ariza-ArqueoAntro-copia-300x200.jpg 300w, https:\/\/plataformafosaspaterna.org\/wp-content\/uploads\/2023\/02\/003-Fosa-139-C.Paterna-Foto-Eloy-Ariza-ArqueoAntro-copia-1024x683.jpg 1024w, https:\/\/plataformafosaspaterna.org\/wp-content\/uploads\/2023\/02\/003-Fosa-139-C.Paterna-Foto-Eloy-Ariza-ArqueoAntro-copia-768x512.jpg 768w, https:\/\/plataformafosaspaterna.org\/wp-content\/uploads\/2023\/02\/003-Fosa-139-C.Paterna-Foto-Eloy-Ariza-ArqueoAntro-copia-1536x1024.jpg 1536w, https:\/\/plataformafosaspaterna.org\/wp-content\/uploads\/2023\/02\/003-Fosa-139-C.Paterna-Foto-Eloy-Ariza-ArqueoAntro-copia-2048x1365.jpg 2048w, https:\/\/plataformafosaspaterna.org\/wp-content\/uploads\/2023\/02\/003-Fosa-139-C.Paterna-Foto-Eloy-Ariza-ArqueoAntro-copia-930x620.jpg 930w\" sizes=\"(max-width: 300px) 100vw, 300px\" \/><img decoding=\"async\" class=\"alignnone size-medium wp-image-4460\" src=\"https:\/\/plataformafosaspaterna.org\/wp-content\/uploads\/2023\/02\/001-Fosa-139-C.Paterna-Foto-Eloy-Ariza-ArqueoAntro-copia-300x200.jpg\" alt=\"\" width=\"300\" height=\"200\" srcset=\"https:\/\/plataformafosaspaterna.org\/wp-content\/uploads\/2023\/02\/001-Fosa-139-C.Paterna-Foto-Eloy-Ariza-ArqueoAntro-copia-300x200.jpg 300w, https:\/\/plataformafosaspaterna.org\/wp-content\/uploads\/2023\/02\/001-Fosa-139-C.Paterna-Foto-Eloy-Ariza-ArqueoAntro-copia-1024x683.jpg 1024w, https:\/\/plataformafosaspaterna.org\/wp-content\/uploads\/2023\/02\/001-Fosa-139-C.Paterna-Foto-Eloy-Ariza-ArqueoAntro-copia-768x512.jpg 768w, https:\/\/plataformafosaspaterna.org\/wp-content\/uploads\/2023\/02\/001-Fosa-139-C.Paterna-Foto-Eloy-Ariza-ArqueoAntro-copia-1536x1024.jpg 1536w, https:\/\/plataformafosaspaterna.org\/wp-content\/uploads\/2023\/02\/001-Fosa-139-C.Paterna-Foto-Eloy-Ariza-ArqueoAntro-copia-2048x1365.jpg 2048w, https:\/\/plataformafosaspaterna.org\/wp-content\/uploads\/2023\/02\/001-Fosa-139-C.Paterna-Foto-Eloy-Ariza-ArqueoAntro-copia-930x620.jpg 930w\" sizes=\"(max-width: 300px) 100vw, 300px\" \/><\/p>\n<p><img decoding=\"async\" class=\"alignnone size-medium wp-image-4463\" src=\"https:\/\/plataformafosaspaterna.org\/wp-content\/uploads\/2023\/02\/037-Fosa-139-C.Paterna-Foto-Eloy-Ariza-ArqueoAntro-copia-300x200.jpg\" alt=\"\" width=\"300\" height=\"200\" srcset=\"https:\/\/plataformafosaspaterna.org\/wp-content\/uploads\/2023\/02\/037-Fosa-139-C.Paterna-Foto-Eloy-Ariza-ArqueoAntro-copia-300x200.jpg 300w, https:\/\/plataformafosaspaterna.org\/wp-content\/uploads\/2023\/02\/037-Fosa-139-C.Paterna-Foto-Eloy-Ariza-ArqueoAntro-copia-1024x683.jpg 1024w, https:\/\/plataformafosaspaterna.org\/wp-content\/uploads\/2023\/02\/037-Fosa-139-C.Paterna-Foto-Eloy-Ariza-ArqueoAntro-copia-768x512.jpg 768w, https:\/\/plataformafosaspaterna.org\/wp-content\/uploads\/2023\/02\/037-Fosa-139-C.Paterna-Foto-Eloy-Ariza-ArqueoAntro-copia-1536x1024.jpg 1536w, https:\/\/plataformafosaspaterna.org\/wp-content\/uploads\/2023\/02\/037-Fosa-139-C.Paterna-Foto-Eloy-Ariza-ArqueoAntro-copia-2048x1365.jpg 2048w, https:\/\/plataformafosaspaterna.org\/wp-content\/uploads\/2023\/02\/037-Fosa-139-C.Paterna-Foto-Eloy-Ariza-ArqueoAntro-copia-930x620.jpg 930w\" sizes=\"(max-width: 300px) 100vw, 300px\" \/> <img loading=\"lazy\" decoding=\"async\" class=\"alignnone size-medium wp-image-4462\" src=\"https:\/\/plataformafosaspaterna.org\/wp-content\/uploads\/2023\/02\/023-Fosa-139-C.Paterna-Foto-Eloy-Ariza-ArqueoAntro-copia-300x200.jpg\" alt=\"\" width=\"300\" height=\"200\" srcset=\"https:\/\/plataformafosaspaterna.org\/wp-content\/uploads\/2023\/02\/023-Fosa-139-C.Paterna-Foto-Eloy-Ariza-ArqueoAntro-copia-300x200.jpg 300w, https:\/\/plataformafosaspaterna.org\/wp-content\/uploads\/2023\/02\/023-Fosa-139-C.Paterna-Foto-Eloy-Ariza-ArqueoAntro-copia-1024x683.jpg 1024w, https:\/\/plataformafosaspaterna.org\/wp-content\/uploads\/2023\/02\/023-Fosa-139-C.Paterna-Foto-Eloy-Ariza-ArqueoAntro-copia-768x512.jpg 768w, https:\/\/plataformafosaspaterna.org\/wp-content\/uploads\/2023\/02\/023-Fosa-139-C.Paterna-Foto-Eloy-Ariza-ArqueoAntro-copia-1536x1024.jpg 1536w, https:\/\/plataformafosaspaterna.org\/wp-content\/uploads\/2023\/02\/023-Fosa-139-C.Paterna-Foto-Eloy-Ariza-ArqueoAntro-copia-2048x1365.jpg 2048w, https:\/\/plataformafosaspaterna.org\/wp-content\/uploads\/2023\/02\/023-Fosa-139-C.Paterna-Foto-Eloy-Ariza-ArqueoAntro-copia-930x620.jpg 930w\" sizes=\"(max-width: 300px) 100vw, 300px\" \/><\/p>\n","protected":false},"excerpt":{"rendered":"<p>La Asociaci\u00f3n de Familiares de V\u00edctimas del Franquismo de la Fosa Com\u00fan n\u00ba139 del Cementerio Civil de Paterna le ha sido adjudicada una subvenci\u00f3n por parte de la Diputaci\u00f3n de Valencia y su Delegaci\u00f3n de Memoria. En este caso el objetivo es localizar, excavar, exhumar estudiar e identificar a 3 v\u00edctimas asesinadas en agosto de&hellip;&nbsp;<a href=\"https:\/\/plataformafosaspaterna.org\/?p=4562\" class=\"\" rel=\"bookmark\">Leer m\u00e1s &raquo;<span class=\"screen-reader-text\">Diputaci\u00f3n de Valencia otorga una subvenci\u00f3n a la Asociaci\u00f3n de Familiares de V\u00edctimas del Franquismo de la Fosa Com\u00fan 139 en Paterna<\/span><\/a><\/p>\n","protected":false},"author":11,"featured_media":0,"comment_status":"open","ping_status":"open","sticky":false,"template":"","format":"standard","meta":{"_monsterinsights_skip_tracking":false,"_monsterinsights_sitenote_active":false,"_monsterinsights_sitenote_note":"","_monsterinsights_sitenote_category":0,"neve_meta_sidebar":"","neve_meta_container":"","neve_meta_enable_content_width":"off","neve_meta_content_width":70,"neve_meta_title_alignment":"","neve_meta_author_avatar":"","neve_post_elements_order":"","neve_meta_disable_header":"","neve_meta_disable_footer":"","neve_meta_disable_title":"","footnotes":""},"categories":[1],"tags":[],"class_list":["post-4562","post","type-post","status-publish","format-standard","hentry","category-sin-categoria"],"lang":"ca","translations":{"ca":4562},"pll_sync_post":[],"_links":{"self":[{"href":"https:\/\/plataformafosaspaterna.org\/index.php?rest_route=\/wp\/v2\/posts\/4562","targetHints":{"allow":["GET"]}}],"collection":[{"href":"https:\/\/plataformafosaspaterna.org\/index.php?rest_route=\/wp\/v2\/posts"}],"about":[{"href":"https:\/\/plataformafosaspaterna.org\/index.php?rest_route=\/wp\/v2\/types\/post"}],"author":[{"embeddable":true,"href":"https:\/\/plataformafosaspaterna.org\/index.php?rest_route=\/wp\/v2\/users\/11"}],"replies":[{"embeddable":true,"href":"https:\/\/plataformafosaspaterna.org\/index.php?rest_route=%2Fwp%2Fv2%2Fcomments&post=4562"}],"version-history":[{"count":1,"href":"https:\/\/plataformafosaspaterna.org\/index.php?rest_route=\/wp\/v2\/posts\/4562\/revisions"}],"predecessor-version":[{"id":4563,"href":"https:\/\/plataformafosaspaterna.org\/index.php?rest_route=\/wp\/v2\/posts\/4562\/revisions\/4563"}],"wp:attachment":[{"href":"https:\/\/plataformafosaspaterna.org\/index.php?rest_route=%2Fwp%2Fv2%2Fmedia&parent=4562"}],"wp:term":[{"taxonomy":"category","embeddable":true,"href":"https:\/\/plataformafosaspaterna.org\/index.php?rest_route=%2Fwp%2Fv2%2Fcategories&post=4562"},{"taxonomy":"post_tag","embeddable":true,"href":"https:\/\/plataformafosaspaterna.org\/index.php?rest_route=%2Fwp%2Fv2%2Ftags&post=4562"}],"curies":[{"name":"wp","href":"https:\/\/api.w.org\/{rel}","templated":true}]}}