{"id":4579,"date":"2024-07-01T11:51:39","date_gmt":"2024-07-01T11:51:39","guid":{"rendered":"https:\/\/plataformafosaspaterna.org\/?p=4579"},"modified":"2024-07-01T12:09:19","modified_gmt":"2024-07-01T12:09:19","slug":"diputacion-de-valencia-otorga-una-subvencion-a-la-asociacion-de-familiares-de-victimas-del-franquismo-de-la-fosa-comun-146-en-paterna","status":"publish","type":"post","link":"https:\/\/plataformafosaspaterna.org\/?p=4579","title":{"rendered":"Diputaci\u00f3n de Valencia otorga una subvenci\u00f3n a la Asociaci\u00f3n de Familiares de V\u00edctimas del Franquismo de la Fosa Com\u00fan 146 en Paterna"},"content":{"rendered":"<p>La Asociaci\u00f3n de Familiares de V\u00edctimas del Franquismo de Associaci\u00f3 de Familiars de v\u00edctimes del Franquisme de la Fossa 146 de Paterna le ha sido adjudicada una subvenci\u00f3n por parte de la Diputaci\u00f3n de Valencia y su Delegaci\u00f3n de Memoria Democr\u00e1tica.<\/p>\n<p>En este caso el objetivo es localizar, excavar, exhumar estudiar e identificar a 12 v\u00edctimas asesinadas en octubre de 1941 la cuales se hallan presumiblemente en la Fosa 146 del 1\u00ba Cuadrante Primero Izquierda del Cementerio Municipal de Paterna.<\/p>\n<p>Para ello la Diputaci\u00f3n de Val\u00e8ncia ha otorgado a esta agrupaci\u00f3n un total de 48.564,56 \u20ac, de los cuales 29.930,56 \u20ac han sido destinados a los trabajos de campo (localizaci\u00f3n y exhumaci\u00f3n de las v\u00edctimas), la cual ha concluido con \u00e9xito. Mientras que los 18.634 \u20ac restantes ser\u00e1n utilizados en los trabajos de postexcavaci\u00f3n como son los informes Arqueol\u00f3gicos, Antropol\u00f3gicos y Gen\u00e9ticos.<\/p>\n<p><img fetchpriority=\"high\" decoding=\"async\" class=\"alignnone size-medium wp-image-4566\" src=\"https:\/\/plataformafosaspaterna.org\/wp-content\/uploads\/2024\/04\/02-FOTO-GENERAL-FOSA-146-C-300x200.jpg\" alt=\"\" width=\"300\" height=\"200\" srcset=\"https:\/\/plataformafosaspaterna.org\/wp-content\/uploads\/2024\/04\/02-FOTO-GENERAL-FOSA-146-C-300x200.jpg 300w, https:\/\/plataformafosaspaterna.org\/wp-content\/uploads\/2024\/04\/02-FOTO-GENERAL-FOSA-146-C-1024x683.jpg 1024w, https:\/\/plataformafosaspaterna.org\/wp-content\/uploads\/2024\/04\/02-FOTO-GENERAL-FOSA-146-C-768x512.jpg 768w, https:\/\/plataformafosaspaterna.org\/wp-content\/uploads\/2024\/04\/02-FOTO-GENERAL-FOSA-146-C-1536x1024.jpg 1536w, https:\/\/plataformafosaspaterna.org\/wp-content\/uploads\/2024\/04\/02-FOTO-GENERAL-FOSA-146-C-2048x1365.jpg 2048w, https:\/\/plataformafosaspaterna.org\/wp-content\/uploads\/2024\/04\/02-FOTO-GENERAL-FOSA-146-C-930x620.jpg 930w\" sizes=\"(max-width: 300px) 100vw, 300px\" \/> <img decoding=\"async\" class=\"alignnone size-medium wp-image-4567\" src=\"https:\/\/plataformafosaspaterna.org\/wp-content\/uploads\/2024\/04\/16-FOSA-146-C.PATERNA-Fotografias-Eloy-Ariza-copia-300x200.jpg\" alt=\"\" width=\"300\" height=\"200\" srcset=\"https:\/\/plataformafosaspaterna.org\/wp-content\/uploads\/2024\/04\/16-FOSA-146-C.PATERNA-Fotografias-Eloy-Ariza-copia-300x200.jpg 300w, https:\/\/plataformafosaspaterna.org\/wp-content\/uploads\/2024\/04\/16-FOSA-146-C.PATERNA-Fotografias-Eloy-Ariza-copia-1024x683.jpg 1024w, https:\/\/plataformafosaspaterna.org\/wp-content\/uploads\/2024\/04\/16-FOSA-146-C.PATERNA-Fotografias-Eloy-Ariza-copia-768x512.jpg 768w, https:\/\/plataformafosaspaterna.org\/wp-content\/uploads\/2024\/04\/16-FOSA-146-C.PATERNA-Fotografias-Eloy-Ariza-copia-1536x1024.jpg 1536w, https:\/\/plataformafosaspaterna.org\/wp-content\/uploads\/2024\/04\/16-FOSA-146-C.PATERNA-Fotografias-Eloy-Ariza-copia-2048x1365.jpg 2048w, https:\/\/plataformafosaspaterna.org\/wp-content\/uploads\/2024\/04\/16-FOSA-146-C.PATERNA-Fotografias-Eloy-Ariza-copia-930x620.jpg 930w\" sizes=\"(max-width: 300px) 100vw, 300px\" \/> <img decoding=\"async\" class=\"alignnone size-medium wp-image-4568\" src=\"https:\/\/plataformafosaspaterna.org\/wp-content\/uploads\/2024\/04\/58-FOSA-146-C.PATERNA-Fotografias-Eloy-Ariza-copia-200x300.jpg\" alt=\"\" width=\"200\" height=\"300\" srcset=\"https:\/\/plataformafosaspaterna.org\/wp-content\/uploads\/2024\/04\/58-FOSA-146-C.PATERNA-Fotografias-Eloy-Ariza-copia-200x300.jpg 200w, https:\/\/plataformafosaspaterna.org\/wp-content\/uploads\/2024\/04\/58-FOSA-146-C.PATERNA-Fotografias-Eloy-Ariza-copia-683x1024.jpg 683w, https:\/\/plataformafosaspaterna.org\/wp-content\/uploads\/2024\/04\/58-FOSA-146-C.PATERNA-Fotografias-Eloy-Ariza-copia-768x1152.jpg 768w, https:\/\/plataformafosaspaterna.org\/wp-content\/uploads\/2024\/04\/58-FOSA-146-C.PATERNA-Fotografias-Eloy-Ariza-copia-1024x1536.jpg 1024w, https:\/\/plataformafosaspaterna.org\/wp-content\/uploads\/2024\/04\/58-FOSA-146-C.PATERNA-Fotografias-Eloy-Ariza-copia-1365x2048.jpg 1365w, https:\/\/plataformafosaspaterna.org\/wp-content\/uploads\/2024\/04\/58-FOSA-146-C.PATERNA-Fotografias-Eloy-Ariza-copia-scaled.jpg 1706w\" sizes=\"(max-width: 200px) 100vw, 200px\" \/> <img loading=\"lazy\" decoding=\"async\" class=\"alignnone size-medium wp-image-4569\" src=\"https:\/\/plataformafosaspaterna.org\/wp-content\/uploads\/2024\/04\/66-FOSA-146-C.PATERNA-Fotografias-Eloy-Ariza-copia-200x300.jpg\" alt=\"\" width=\"200\" height=\"300\" srcset=\"https:\/\/plataformafosaspaterna.org\/wp-content\/uploads\/2024\/04\/66-FOSA-146-C.PATERNA-Fotografias-Eloy-Ariza-copia-200x300.jpg 200w, https:\/\/plataformafosaspaterna.org\/wp-content\/uploads\/2024\/04\/66-FOSA-146-C.PATERNA-Fotografias-Eloy-Ariza-copia-683x1024.jpg 683w, https:\/\/plataformafosaspaterna.org\/wp-content\/uploads\/2024\/04\/66-FOSA-146-C.PATERNA-Fotografias-Eloy-Ariza-copia-768x1152.jpg 768w, https:\/\/plataformafosaspaterna.org\/wp-content\/uploads\/2024\/04\/66-FOSA-146-C.PATERNA-Fotografias-Eloy-Ariza-copia-1024x1536.jpg 1024w, https:\/\/plataformafosaspaterna.org\/wp-content\/uploads\/2024\/04\/66-FOSA-146-C.PATERNA-Fotografias-Eloy-Ariza-copia-1365x2048.jpg 1365w, https:\/\/plataformafosaspaterna.org\/wp-content\/uploads\/2024\/04\/66-FOSA-146-C.PATERNA-Fotografias-Eloy-Ariza-copia-scaled.jpg 1707w\" sizes=\"(max-width: 200px) 100vw, 200px\" \/><\/p>\n","protected":false},"excerpt":{"rendered":"<p>La Asociaci\u00f3n de Familiares de V\u00edctimas del Franquismo de Associaci\u00f3 de Familiars de v\u00edctimes del Franquisme de la Fossa 146 de Paterna le ha sido adjudicada una subvenci\u00f3n por parte de la Diputaci\u00f3n de Valencia y su Delegaci\u00f3n de Memoria Democr\u00e1tica. En este caso el objetivo es localizar, excavar, exhumar estudiar e identificar a 12&hellip;&nbsp;<a href=\"https:\/\/plataformafosaspaterna.org\/?p=4579\" class=\"\" rel=\"bookmark\">Leer m\u00e1s &raquo;<span class=\"screen-reader-text\">Diputaci\u00f3n de Valencia otorga una subvenci\u00f3n a la Asociaci\u00f3n de Familiares de V\u00edctimas del Franquismo de la Fosa Com\u00fan 146 en Paterna<\/span><\/a><\/p>\n","protected":false},"author":11,"featured_media":0,"comment_status":"open","ping_status":"open","sticky":false,"template":"","format":"standard","meta":{"_monsterinsights_skip_tracking":false,"_monsterinsights_sitenote_active":false,"_monsterinsights_sitenote_note":"","_monsterinsights_sitenote_category":0,"neve_meta_sidebar":"","neve_meta_container":"","neve_meta_enable_content_width":"off","neve_meta_content_width":70,"neve_meta_title_alignment":"","neve_meta_author_avatar":"","neve_post_elements_order":"","neve_meta_disable_header":"","neve_meta_disable_footer":"","neve_meta_disable_title":"","footnotes":""},"categories":[1],"tags":[],"class_list":["post-4579","post","type-post","status-publish","format-standard","hentry","category-sin-categoria"],"lang":"ca","translations":{"ca":4579},"pll_sync_post":[],"_links":{"self":[{"href":"https:\/\/plataformafosaspaterna.org\/index.php?rest_route=\/wp\/v2\/posts\/4579","targetHints":{"allow":["GET"]}}],"collection":[{"href":"https:\/\/plataformafosaspaterna.org\/index.php?rest_route=\/wp\/v2\/posts"}],"about":[{"href":"https:\/\/plataformafosaspaterna.org\/index.php?rest_route=\/wp\/v2\/types\/post"}],"author":[{"embeddable":true,"href":"https:\/\/plataformafosaspaterna.org\/index.php?rest_route=\/wp\/v2\/users\/11"}],"replies":[{"embeddable":true,"href":"https:\/\/plataformafosaspaterna.org\/index.php?rest_route=%2Fwp%2Fv2%2Fcomments&post=4579"}],"version-history":[{"count":1,"href":"https:\/\/plataformafosaspaterna.org\/index.php?rest_route=\/wp\/v2\/posts\/4579\/revisions"}],"predecessor-version":[{"id":4580,"href":"https:\/\/plataformafosaspaterna.org\/index.php?rest_route=\/wp\/v2\/posts\/4579\/revisions\/4580"}],"wp:attachment":[{"href":"https:\/\/plataformafosaspaterna.org\/index.php?rest_route=%2Fwp%2Fv2%2Fmedia&parent=4579"}],"wp:term":[{"taxonomy":"category","embeddable":true,"href":"https:\/\/plataformafosaspaterna.org\/index.php?rest_route=%2Fwp%2Fv2%2Fcategories&post=4579"},{"taxonomy":"post_tag","embeddable":true,"href":"https:\/\/plataformafosaspaterna.org\/index.php?rest_route=%2Fwp%2Fv2%2Ftags&post=4579"}],"curies":[{"name":"wp","href":"https:\/\/api.w.org\/{rel}","templated":true}]}}