{"id":4587,"date":"2024-12-28T18:05:27","date_gmt":"2024-12-28T18:05:27","guid":{"rendered":"https:\/\/plataformafosaspaterna.org\/?p=4587"},"modified":"2025-02-27T13:25:20","modified_gmt":"2025-02-27T13:25:20","slug":"diputacion-de-valencia-otorga-una-subvencion-a-la-plataforma-de-familiares-de-las-fosas-de-paterna","status":"publish","type":"post","link":"https:\/\/plataformafosaspaterna.org\/?p=4587","title":{"rendered":"Diputaci\u00f3 de Val\u00e8ncia atorga una subvenci\u00f3 a la Plataforma de Familiars de les Fosses de Paterna"},"content":{"rendered":"<p>La Plataforma d&#8217;Associacions de Familiars de V\u00edctimes del franquisme de les Fosses Comunes de Paterna ha rebut una subvenci\u00f3 de la Delegaci\u00f3 de Mem\u00f2ria Hist\u00f2rica (Diputaci\u00f3 Provincial de Val\u00e8ncia) , subvencions destinades a la realitzaci\u00f3 de projectes i iniciatives relacionades amb la promoci\u00f3 de la Mem\u00f2ria Hist\u00f2rica i Democr\u00e0tica Valenciana 2024.<\/p>\n<p>El projecte subvencionat amb 10.006,70 \u20ac ha sigut destinat per a la creaci\u00f3 del \u00abAudiovisual sobre l\u2019origen i el paper de la Plataforma dels Familiars de les Fosses de Paterna\u00a0 en el marc del moviment memorialista a Paterna\u00bb.<\/p>\n<p>Aquest audiovisual recull el moviment memorialista al voltant de les fosses de Paterna, des dels seus inicis fins l\u2019actualitat i com aquest d\u00f3na origen a la formaci\u00f3 de la PFFP, col\u00b7lectiu del qual ja formen part al voltant de 800 fam\u00edlies.<\/p>\n<p>Un dels objetius primordials \u00e9s utilitzar aquest audiovisual en confer\u00e8ncies sobre Mem\u00f2ria Hist\u00f2rica i Democr\u00e0tica. Ser\u00e0 presentat en confer\u00e8ncies, simposis i esdeveniments relacionats amb la mem\u00f2ria hist\u00f2rica i democr\u00e0tica, als quals siga convidada la Plataforma. Utilitzarem estes oportunitats per a aprofundir en el seu contingut, facilitar el di\u00e0leg i fomentar la participaci\u00f3 de l&#8217;audi\u00e8ncia.<\/p>\n<p><a href=\"https:\/\/vimeo.com\/1040859583\" target=\"_blank\" rel=\"noopener\">Enlace documental \u00abGuardianas de la Memoria\u00bb<\/a><\/p>\n<p><img decoding=\"async\" class=\"size-medium wp-image-4614 aligncenter\" src=\"https:\/\/plataformafosaspaterna.org\/wp-content\/uploads\/2024\/12\/Logo-Dipu-300x64.jpeg\" alt=\"\" width=\"300\" height=\"64\" srcset=\"https:\/\/plataformafosaspaterna.org\/wp-content\/uploads\/2024\/12\/Logo-Dipu-300x64.jpeg 300w, https:\/\/plataformafosaspaterna.org\/wp-content\/uploads\/2024\/12\/Logo-Dipu-1024x219.jpeg 1024w, https:\/\/plataformafosaspaterna.org\/wp-content\/uploads\/2024\/12\/Logo-Dipu-768x164.jpeg 768w, https:\/\/plataformafosaspaterna.org\/wp-content\/uploads\/2024\/12\/Logo-Dipu-1536x328.jpeg 1536w, https:\/\/plataformafosaspaterna.org\/wp-content\/uploads\/2024\/12\/Logo-Dipu.jpeg 1600w\" sizes=\"(max-width: 300px) 100vw, 300px\" \/><\/p>\n","protected":false},"excerpt":{"rendered":"<p>La Plataforma d&#8217;Associacions de Familiars de V\u00edctimes del franquisme de les Fosses Comunes de Paterna ha rebut una subvenci\u00f3 de la Delegaci\u00f3 de Mem\u00f2ria Hist\u00f2rica (Diputaci\u00f3 Provincial de Val\u00e8ncia) , subvencions destinades a la realitzaci\u00f3 de projectes i iniciatives relacionades amb la promoci\u00f3 de la Mem\u00f2ria Hist\u00f2rica i Democr\u00e0tica Valenciana 2024. El projecte subvencionat amb&hellip;&nbsp;<a href=\"https:\/\/plataformafosaspaterna.org\/?p=4587\" class=\"\" rel=\"bookmark\">Leer m\u00e1s &raquo;<span class=\"screen-reader-text\">Diputaci\u00f3 de Val\u00e8ncia atorga una subvenci\u00f3 a la Plataforma de Familiars de les Fosses de Paterna<\/span><\/a><\/p>\n","protected":false},"author":6,"featured_media":0,"comment_status":"open","ping_status":"open","sticky":false,"template":"","format":"standard","meta":{"_monsterinsights_skip_tracking":false,"_monsterinsights_sitenote_active":false,"_monsterinsights_sitenote_note":"","_monsterinsights_sitenote_category":0,"neve_meta_sidebar":"","neve_meta_container":"","neve_meta_enable_content_width":"off","neve_meta_content_width":70,"neve_meta_title_alignment":"","neve_meta_author_avatar":"","neve_post_elements_order":"","neve_meta_disable_header":"","neve_meta_disable_footer":"","neve_meta_disable_title":"","footnotes":""},"categories":[1],"tags":[],"class_list":["post-4587","post","type-post","status-publish","format-standard","hentry","category-sin-categoria"],"lang":"ca","translations":{"ca":4587},"pll_sync_post":[],"_links":{"self":[{"href":"https:\/\/plataformafosaspaterna.org\/index.php?rest_route=\/wp\/v2\/posts\/4587","targetHints":{"allow":["GET"]}}],"collection":[{"href":"https:\/\/plataformafosaspaterna.org\/index.php?rest_route=\/wp\/v2\/posts"}],"about":[{"href":"https:\/\/plataformafosaspaterna.org\/index.php?rest_route=\/wp\/v2\/types\/post"}],"author":[{"embeddable":true,"href":"https:\/\/plataformafosaspaterna.org\/index.php?rest_route=\/wp\/v2\/users\/6"}],"replies":[{"embeddable":true,"href":"https:\/\/plataformafosaspaterna.org\/index.php?rest_route=%2Fwp%2Fv2%2Fcomments&post=4587"}],"version-history":[{"count":12,"href":"https:\/\/plataformafosaspaterna.org\/index.php?rest_route=\/wp\/v2\/posts\/4587\/revisions"}],"predecessor-version":[{"id":4615,"href":"https:\/\/plataformafosaspaterna.org\/index.php?rest_route=\/wp\/v2\/posts\/4587\/revisions\/4615"}],"wp:attachment":[{"href":"https:\/\/plataformafosaspaterna.org\/index.php?rest_route=%2Fwp%2Fv2%2Fmedia&parent=4587"}],"wp:term":[{"taxonomy":"category","embeddable":true,"href":"https:\/\/plataformafosaspaterna.org\/index.php?rest_route=%2Fwp%2Fv2%2Fcategories&post=4587"},{"taxonomy":"post_tag","embeddable":true,"href":"https:\/\/plataformafosaspaterna.org\/index.php?rest_route=%2Fwp%2Fv2%2Ftags&post=4587"}],"curies":[{"name":"wp","href":"https:\/\/api.w.org\/{rel}","templated":true}]}}