{"id":4606,"date":"2025-01-20T16:59:17","date_gmt":"2025-01-20T16:59:17","guid":{"rendered":"https:\/\/plataformafosaspaterna.org\/?p=4606"},"modified":"2025-02-27T13:38:17","modified_gmt":"2025-02-27T13:38:17","slug":"diputacio-de-valencia-atorga-una-subvencio-a-lassociacio-de-familiars-de-victimes-del-franquisme-de-la-fossa-comuna-100-de-paterna","status":"publish","type":"post","link":"https:\/\/plataformafosaspaterna.org\/?p=4606","title":{"rendered":"Diputaci\u00f3 de Val\u00e8ncia atorga una subvenci\u00f3 a l\u2019Associaci\u00f3 de Familiars de V\u00edctimes del Franquisme de la Fossa Comuna 100 de Paterna."},"content":{"rendered":"<p style=\"font-weight: 400;\">L\u2019Associaci\u00f3 de Familiars de V\u00edctimes del Franquisme de la Fossa 100 de Paterna ha rebut una subvenci\u00f3 per part de la Diputaci\u00f3 de Val\u00e8ncia i la seua Delegaci\u00f3 de Mem\u00f2ria Democr\u00e0tica concedida mitjan\u00e7ant acord de la Junta de Govern del 16 de juliol de 2024.<\/p>\n<p style=\"font-weight: 400;\">Aquesta subvenci\u00f3 ascendeix a un import cert de 17.875,67 euros, que seran destinats en esta ocasi\u00f3, a la consecuci\u00f3 del segon estudi gen\u00e8tic de v\u00edctimes del franquisme exhumades en l\u2019any 2019 de la fossa comuna 100 del cementeri de Paterna, Val\u00e8ncia.<\/p>\n<p style=\"font-weight: 400;\">D\u2019aquesta manera, la Diputaci\u00f3 de Val\u00e8ncia, secci\u00f3 de Mem\u00f2ria Democr\u00e0tica contribueix a la implementaci\u00f3 dels principis de Veritat, Just\u00edcia i Reparaci\u00f3 reconeguts pel Dret Internacional, vinculats als Drets Humans.<\/p>\n<p style=\"text-align: center;\">\n<p style=\"font-weight: 400;\"><img fetchpriority=\"high\" decoding=\"async\" class=\"size-medium wp-image-4609 alignleft\" src=\"https:\/\/plataformafosaspaterna.org\/wp-content\/uploads\/2025\/01\/Imagen-1-173x300.png\" alt=\"\" width=\"173\" height=\"300\" srcset=\"https:\/\/plataformafosaspaterna.org\/wp-content\/uploads\/2025\/01\/Imagen-1-173x300.png 173w, https:\/\/plataformafosaspaterna.org\/wp-content\/uploads\/2025\/01\/Imagen-1.png 424w\" sizes=\"(max-width: 173px) 100vw, 173px\" \/> <img decoding=\"async\" class=\"size-medium wp-image-4610 alignleft\" src=\"https:\/\/plataformafosaspaterna.org\/wp-content\/uploads\/2025\/01\/Imagen-2-184x300.png\" alt=\"\" width=\"184\" height=\"300\" srcset=\"https:\/\/plataformafosaspaterna.org\/wp-content\/uploads\/2025\/01\/Imagen-2-184x300.png 184w, https:\/\/plataformafosaspaterna.org\/wp-content\/uploads\/2025\/01\/Imagen-2.png 452w\" sizes=\"(max-width: 184px) 100vw, 184px\" \/><\/p>\n<p>&nbsp;<\/p>\n<p>&nbsp;<\/p>\n<p>&nbsp;<\/p>\n<p>&nbsp;<\/p>\n<p>&nbsp;<\/p>\n<p>&nbsp;<\/p>\n<p>&nbsp;<\/p>\n<p>&nbsp;<\/p>\n<p>&nbsp;<\/p>\n<p style=\"text-align: center;\">Acte homenatge a les v\u00edctimes de la Fossa 100. Cementeri de Paterna. 02\/11\/2019.<\/p>\n<p><img decoding=\"async\" class=\"alignnone wp-image-4614 aligncenter\" src=\"https:\/\/plataformafosaspaterna.org\/wp-content\/uploads\/2024\/12\/Logo-Dipu-300x64.jpeg\" alt=\"\" width=\"309\" height=\"66\" srcset=\"https:\/\/plataformafosaspaterna.org\/wp-content\/uploads\/2024\/12\/Logo-Dipu-300x64.jpeg 300w, https:\/\/plataformafosaspaterna.org\/wp-content\/uploads\/2024\/12\/Logo-Dipu-1024x219.jpeg 1024w, https:\/\/plataformafosaspaterna.org\/wp-content\/uploads\/2024\/12\/Logo-Dipu-768x164.jpeg 768w, https:\/\/plataformafosaspaterna.org\/wp-content\/uploads\/2024\/12\/Logo-Dipu-1536x328.jpeg 1536w, https:\/\/plataformafosaspaterna.org\/wp-content\/uploads\/2024\/12\/Logo-Dipu.jpeg 1600w\" sizes=\"(max-width: 309px) 100vw, 309px\" \/><\/p>\n","protected":false},"excerpt":{"rendered":"<p>L\u2019Associaci\u00f3 de Familiars de V\u00edctimes del Franquisme de la Fossa 100 de Paterna ha rebut una subvenci\u00f3 per part de la Diputaci\u00f3 de Val\u00e8ncia i la seua Delegaci\u00f3 de Mem\u00f2ria Democr\u00e0tica concedida mitjan\u00e7ant acord de la Junta de Govern del 16 de juliol de 2024. Aquesta subvenci\u00f3 ascendeix a un import cert de 17.875,67 euros,&hellip;&nbsp;<a href=\"https:\/\/plataformafosaspaterna.org\/?p=4606\" class=\"\" rel=\"bookmark\">Leer m\u00e1s &raquo;<span class=\"screen-reader-text\">Diputaci\u00f3 de Val\u00e8ncia atorga una subvenci\u00f3 a l\u2019Associaci\u00f3 de Familiars de V\u00edctimes del Franquisme de la Fossa Comuna 100 de Paterna.<\/span><\/a><\/p>\n","protected":false},"author":6,"featured_media":0,"comment_status":"open","ping_status":"open","sticky":false,"template":"","format":"standard","meta":{"_monsterinsights_skip_tracking":false,"_monsterinsights_sitenote_active":false,"_monsterinsights_sitenote_note":"","_monsterinsights_sitenote_category":0,"neve_meta_sidebar":"","neve_meta_container":"","neve_meta_enable_content_width":"off","neve_meta_content_width":70,"neve_meta_title_alignment":"","neve_meta_author_avatar":"","neve_post_elements_order":"","neve_meta_disable_header":"","neve_meta_disable_footer":"","neve_meta_disable_title":"","footnotes":""},"categories":[1],"tags":[],"class_list":["post-4606","post","type-post","status-publish","format-standard","hentry","category-sin-categoria"],"lang":"ca","translations":{"ca":4606},"pll_sync_post":[],"_links":{"self":[{"href":"https:\/\/plataformafosaspaterna.org\/index.php?rest_route=\/wp\/v2\/posts\/4606","targetHints":{"allow":["GET"]}}],"collection":[{"href":"https:\/\/plataformafosaspaterna.org\/index.php?rest_route=\/wp\/v2\/posts"}],"about":[{"href":"https:\/\/plataformafosaspaterna.org\/index.php?rest_route=\/wp\/v2\/types\/post"}],"author":[{"embeddable":true,"href":"https:\/\/plataformafosaspaterna.org\/index.php?rest_route=\/wp\/v2\/users\/6"}],"replies":[{"embeddable":true,"href":"https:\/\/plataformafosaspaterna.org\/index.php?rest_route=%2Fwp%2Fv2%2Fcomments&post=4606"}],"version-history":[{"count":8,"href":"https:\/\/plataformafosaspaterna.org\/index.php?rest_route=\/wp\/v2\/posts\/4606\/revisions"}],"predecessor-version":[{"id":4620,"href":"https:\/\/plataformafosaspaterna.org\/index.php?rest_route=\/wp\/v2\/posts\/4606\/revisions\/4620"}],"wp:attachment":[{"href":"https:\/\/plataformafosaspaterna.org\/index.php?rest_route=%2Fwp%2Fv2%2Fmedia&parent=4606"}],"wp:term":[{"taxonomy":"category","embeddable":true,"href":"https:\/\/plataformafosaspaterna.org\/index.php?rest_route=%2Fwp%2Fv2%2Fcategories&post=4606"},{"taxonomy":"post_tag","embeddable":true,"href":"https:\/\/plataformafosaspaterna.org\/index.php?rest_route=%2Fwp%2Fv2%2Ftags&post=4606"}],"curies":[{"name":"wp","href":"https:\/\/api.w.org\/{rel}","templated":true}]}}