{"id":4681,"date":"2026-01-23T17:33:49","date_gmt":"2026-01-23T17:33:49","guid":{"rendered":"https:\/\/plataformafosaspaterna.org\/?p=4681"},"modified":"2026-01-23T17:33:49","modified_gmt":"2026-01-23T17:33:49","slug":"diputacio-de-valencia-atorga-una-subvencio-a-la-plataforma-de-familiars-de-les-fosses-de-paterna","status":"publish","type":"post","link":"https:\/\/plataformafosaspaterna.org\/?p=4681","title":{"rendered":"Diputaci\u00f3 de Val\u00e8ncia atorga una subvenci\u00f3 a la Plataforma de Familiars de les Fosses de Paterna"},"content":{"rendered":"<p>La Plataforma d&#8217;Associacions de Familiars de V\u00edctimes del franquisme de les Fosses Comunes de Paterna ha rebut una subvenci\u00f3 de la Delegaci\u00f3 de Mem\u00f2ria Hist\u00f2rica (Diputaci\u00f3 Provincial de Val\u00e8ncia) , subvencions destinades a la realitzaci\u00f3 de projectes i iniciatives relacionades amb la promoci\u00f3 de la Mem\u00f2ria Hist\u00f2rica i Democr\u00e0tica Valenciana 2025.<\/p>\n<p>El projecte subvencionat amb 12.656,60 \u20ac ha sigut destinat per a la creaci\u00f3 del documental \u201cMemorial 2238 Paterna: Recuperant la Mem\u00f2ria\u201d<\/p>\n<p><span class=\"Apple-converted-space\">\u00a0<\/span>Este documental es centrar\u00e0 en la construcci\u00f3, en l&#8217;\u00fas i la profunda significaci\u00f3 del Memorial 2238, situat al cementeri de Paterna, que pret\u00e9n albergar les restes no identificades de les 2238 persones afusellades, i enterrades en les fosses comunes durant la dictadura franquista i aquelles que els familiars aixina ho desitgen. A trav\u00e9s d&#8217;un enfocament humanista i reflexiu, este projecte busca no sols il\u00b7luminar la hist\u00f2ria d&#8217;estes v\u00edctimes, sin\u00f3 tamb\u00e9 oferir una plataforma per a la comprensi\u00f3 i el reconeixement de la mem\u00f2ria hist\u00f2rica.<span class=\"Apple-converted-space\">\u00a0<\/span><\/p>\n<p>Un dels objetius primordials \u00e9s utilitzar aquest audiovisual en confer\u00e8ncies sobre Mem\u00f2ria Hist\u00f2rica i Democr\u00e0tica. Ser\u00e0 presentat en confer\u00e8ncies, simposis i esdeveniments relacionats amb la mem\u00f2ria hist\u00f2rica i democr\u00e0tica, als quals siga convidada la Plataforma. Utilitzarem estes oportunitats per a aprofundir en el seu contingut, facilitar el di\u00e0leg i fomentar la participaci\u00f3 de l&#8217;audi\u00e8ncia.<\/p>\n<p><a href=\"https:\/\/vimeo.com\/albertgomez\/memorial2238\" target=\"_blank\" rel=\"noopener\">Enlace documental \u00abMemorial 2238 Paterna: Recuperant la Memoria\u00bb<\/a><\/p>\n<p><img decoding=\"async\" class=\"size-medium wp-image-4614 aligncenter\" src=\"https:\/\/plataformafosaspaterna.org\/wp-content\/uploads\/2024\/12\/Logo-Dipu-300x64.jpeg\" alt=\"\" width=\"300\" height=\"64\" srcset=\"https:\/\/plataformafosaspaterna.org\/wp-content\/uploads\/2024\/12\/Logo-Dipu-300x64.jpeg 300w, https:\/\/plataformafosaspaterna.org\/wp-content\/uploads\/2024\/12\/Logo-Dipu-1024x219.jpeg 1024w, https:\/\/plataformafosaspaterna.org\/wp-content\/uploads\/2024\/12\/Logo-Dipu-768x164.jpeg 768w, https:\/\/plataformafosaspaterna.org\/wp-content\/uploads\/2024\/12\/Logo-Dipu-1536x328.jpeg 1536w, https:\/\/plataformafosaspaterna.org\/wp-content\/uploads\/2024\/12\/Logo-Dipu.jpeg 1600w\" sizes=\"(max-width: 300px) 100vw, 300px\" \/><\/p>\n","protected":false},"excerpt":{"rendered":"<p>La Plataforma d&#8217;Associacions de Familiars de V\u00edctimes del franquisme de les Fosses Comunes de Paterna ha rebut una subvenci\u00f3 de la Delegaci\u00f3 de Mem\u00f2ria Hist\u00f2rica (Diputaci\u00f3 Provincial de Val\u00e8ncia) , subvencions destinades a la realitzaci\u00f3 de projectes i iniciatives relacionades amb la promoci\u00f3 de la Mem\u00f2ria Hist\u00f2rica i Democr\u00e0tica Valenciana 2025. El projecte subvencionat amb&hellip;&nbsp;<a href=\"https:\/\/plataformafosaspaterna.org\/?p=4681\" class=\"\" rel=\"bookmark\">Leer m\u00e1s &raquo;<span class=\"screen-reader-text\">Diputaci\u00f3 de Val\u00e8ncia atorga una subvenci\u00f3 a la Plataforma de Familiars de les Fosses de Paterna<\/span><\/a><\/p>\n","protected":false},"author":6,"featured_media":0,"comment_status":"open","ping_status":"open","sticky":false,"template":"","format":"standard","meta":{"_monsterinsights_skip_tracking":false,"_monsterinsights_sitenote_active":false,"_monsterinsights_sitenote_note":"","_monsterinsights_sitenote_category":0,"neve_meta_sidebar":"","neve_meta_container":"","neve_meta_enable_content_width":"off","neve_meta_content_width":70,"neve_meta_title_alignment":"","neve_meta_author_avatar":"","neve_post_elements_order":"","neve_meta_disable_header":"","neve_meta_disable_footer":"","neve_meta_disable_title":"","footnotes":""},"categories":[1],"tags":[],"class_list":["post-4681","post","type-post","status-publish","format-standard","hentry","category-sin-categoria"],"lang":"ca","translations":{"ca":4681},"pll_sync_post":[],"_links":{"self":[{"href":"https:\/\/plataformafosaspaterna.org\/index.php?rest_route=\/wp\/v2\/posts\/4681","targetHints":{"allow":["GET"]}}],"collection":[{"href":"https:\/\/plataformafosaspaterna.org\/index.php?rest_route=\/wp\/v2\/posts"}],"about":[{"href":"https:\/\/plataformafosaspaterna.org\/index.php?rest_route=\/wp\/v2\/types\/post"}],"author":[{"embeddable":true,"href":"https:\/\/plataformafosaspaterna.org\/index.php?rest_route=\/wp\/v2\/users\/6"}],"replies":[{"embeddable":true,"href":"https:\/\/plataformafosaspaterna.org\/index.php?rest_route=%2Fwp%2Fv2%2Fcomments&post=4681"}],"version-history":[{"count":1,"href":"https:\/\/plataformafosaspaterna.org\/index.php?rest_route=\/wp\/v2\/posts\/4681\/revisions"}],"predecessor-version":[{"id":4682,"href":"https:\/\/plataformafosaspaterna.org\/index.php?rest_route=\/wp\/v2\/posts\/4681\/revisions\/4682"}],"wp:attachment":[{"href":"https:\/\/plataformafosaspaterna.org\/index.php?rest_route=%2Fwp%2Fv2%2Fmedia&parent=4681"}],"wp:term":[{"taxonomy":"category","embeddable":true,"href":"https:\/\/plataformafosaspaterna.org\/index.php?rest_route=%2Fwp%2Fv2%2Fcategories&post=4681"},{"taxonomy":"post_tag","embeddable":true,"href":"https:\/\/plataformafosaspaterna.org\/index.php?rest_route=%2Fwp%2Fv2%2Ftags&post=4681"}],"curies":[{"name":"wp","href":"https:\/\/api.w.org\/{rel}","templated":true}]}}