{"id":66,"date":"2020-11-06T18:33:50","date_gmt":"2020-11-06T18:33:50","guid":{"rendered":"https:\/\/plataformafosaspaterna.org\/?p=66"},"modified":"2021-02-02T17:43:31","modified_gmt":"2021-02-02T17:43:31","slug":"primer-dia-de-rodatge-del-teaser","status":"publish","type":"post","link":"https:\/\/plataformafosaspaterna.org\/?p=66","title":{"rendered":"Primer dia de rodatge del teaser"},"content":{"rendered":"<p>Un equip de rodatge del Taller d\u2019Audiovisuals de la Universitat de Val\u00e8ncia es va despla\u00e7ar fins a Paterna el passat 4 de novembre per tal de gravar imatges de les fosses i les tombes que el familiars havien cobert de flors amb motiu de la festivitat de Tots Sants.<\/p>\n<p>La gravaci\u00f3 s\u2019utilitzar\u00e0 per a la realitzaci\u00f3 d\u2019un <em>teaser<\/em>, \u00e9s a dir, un v\u00eddeo de 3 o 4 minuts de durada que anticipa el contingut d\u2019un futur documental que contar\u00e0 la lluita de les persones que persegueixen la dignificaci\u00f3 del seus familiars assassinats a la dictadura franquista i soterrats a les fosses del Cementiri de Paterna.<\/p>\n<p><img fetchpriority=\"high\" decoding=\"async\" class=\"aligncenter wp-image-393 size-large\" src=\"https:\/\/plataformafosaspaterna.org\/wp-content\/uploads\/2020\/11\/IMG_7748-1024x768.jpg\" alt=\"rodaje teaser\" width=\"1024\" height=\"768\" srcset=\"https:\/\/plataformafosaspaterna.org\/wp-content\/uploads\/2020\/11\/IMG_7748-1024x768.jpg 1024w, https:\/\/plataformafosaspaterna.org\/wp-content\/uploads\/2020\/11\/IMG_7748-300x225.jpg 300w, https:\/\/plataformafosaspaterna.org\/wp-content\/uploads\/2020\/11\/IMG_7748-768x576.jpg 768w, https:\/\/plataformafosaspaterna.org\/wp-content\/uploads\/2020\/11\/IMG_7748-1536x1152.jpg 1536w, https:\/\/plataformafosaspaterna.org\/wp-content\/uploads\/2020\/11\/IMG_7748-rotated.jpg 2016w\" sizes=\"(max-width: 1024px) 100vw, 1024px\" \/><\/p>\n<p>L\u2019equip, format per Mar\u00eda Sales (guionista i directora), Antoni Medall (productor) i Jovi Viadel (c\u00e0mera), van passar el mat\u00ed al cementiri, per fer la seua feina en ocasions sota una lleugera pluja. El nostre company Daniel Gal\u00e1n i la nostra companya Amparo Belmonte van ser entrevistats per contar les seues experi\u00e8ncies personals i van posar veu a les demandes del nostre col\u00b7lectiu.<\/p>\n<div id='gallery-1' class='gallery galleryid-66 gallery-columns-3 gallery-size-medium'><dl class='gallery-item'>\n\t\t\t<dt class='gallery-icon landscape'>\n\t\t\t\t<a href='https:\/\/plataformafosaspaterna.org\/wp-content\/uploads\/2020\/11\/IMG_7775-e1604692012269.jpg'><img decoding=\"async\" width=\"300\" height=\"225\" src=\"https:\/\/plataformafosaspaterna.org\/wp-content\/uploads\/2020\/11\/IMG_7775-e1604692012269-300x225.jpg\" class=\"attachment-medium size-medium\" alt=\"\" srcset=\"https:\/\/plataformafosaspaterna.org\/wp-content\/uploads\/2020\/11\/IMG_7775-e1604692012269-300x225.jpg 300w, https:\/\/plataformafosaspaterna.org\/wp-content\/uploads\/2020\/11\/IMG_7775-e1604692012269-1024x768.jpg 1024w, https:\/\/plataformafosaspaterna.org\/wp-content\/uploads\/2020\/11\/IMG_7775-e1604692012269-768x576.jpg 768w, https:\/\/plataformafosaspaterna.org\/wp-content\/uploads\/2020\/11\/IMG_7775-e1604692012269-1536x1152.jpg 1536w, https:\/\/plataformafosaspaterna.org\/wp-content\/uploads\/2020\/11\/IMG_7775-e1604692012269-1600x1200.jpg 1600w, https:\/\/plataformafosaspaterna.org\/wp-content\/uploads\/2020\/11\/IMG_7775-e1604692012269.jpg 2016w\" sizes=\"(max-width: 300px) 100vw, 300px\" \/><\/a>\n\t\t\t<\/dt><\/dl><dl class='gallery-item'>\n\t\t\t<dt class='gallery-icon landscape'>\n\t\t\t\t<a href='https:\/\/plataformafosaspaterna.org\/wp-content\/uploads\/2020\/11\/IMG_7770-e1604691937749.jpg'><img decoding=\"async\" width=\"300\" height=\"225\" src=\"https:\/\/plataformafosaspaterna.org\/wp-content\/uploads\/2020\/11\/IMG_7770-e1604691937749-300x225.jpg\" class=\"attachment-medium size-medium\" alt=\"\" srcset=\"https:\/\/plataformafosaspaterna.org\/wp-content\/uploads\/2020\/11\/IMG_7770-e1604691937749-300x225.jpg 300w, https:\/\/plataformafosaspaterna.org\/wp-content\/uploads\/2020\/11\/IMG_7770-e1604691937749-1024x768.jpg 1024w, https:\/\/plataformafosaspaterna.org\/wp-content\/uploads\/2020\/11\/IMG_7770-e1604691937749-768x576.jpg 768w, https:\/\/plataformafosaspaterna.org\/wp-content\/uploads\/2020\/11\/IMG_7770-e1604691937749-1536x1152.jpg 1536w, https:\/\/plataformafosaspaterna.org\/wp-content\/uploads\/2020\/11\/IMG_7770-e1604691937749-1600x1200.jpg 1600w, https:\/\/plataformafosaspaterna.org\/wp-content\/uploads\/2020\/11\/IMG_7770-e1604691937749.jpg 2016w\" sizes=\"(max-width: 300px) 100vw, 300px\" \/><\/a>\n\t\t\t<\/dt><\/dl><dl class='gallery-item'>\n\t\t\t<dt class='gallery-icon landscape'>\n\t\t\t\t<a href='https:\/\/plataformafosaspaterna.org\/wp-content\/uploads\/2020\/11\/IMG_7753-e1604691909828.jpg'><img loading=\"lazy\" decoding=\"async\" width=\"300\" height=\"225\" src=\"https:\/\/plataformafosaspaterna.org\/wp-content\/uploads\/2020\/11\/IMG_7753-e1604691909828-300x225.jpg\" class=\"attachment-medium size-medium\" alt=\"\" srcset=\"https:\/\/plataformafosaspaterna.org\/wp-content\/uploads\/2020\/11\/IMG_7753-e1604691909828-300x225.jpg 300w, https:\/\/plataformafosaspaterna.org\/wp-content\/uploads\/2020\/11\/IMG_7753-e1604691909828-1024x768.jpg 1024w, https:\/\/plataformafosaspaterna.org\/wp-content\/uploads\/2020\/11\/IMG_7753-e1604691909828-768x576.jpg 768w, https:\/\/plataformafosaspaterna.org\/wp-content\/uploads\/2020\/11\/IMG_7753-e1604691909828-1536x1152.jpg 1536w, https:\/\/plataformafosaspaterna.org\/wp-content\/uploads\/2020\/11\/IMG_7753-e1604691909828-1600x1200.jpg 1600w, https:\/\/plataformafosaspaterna.org\/wp-content\/uploads\/2020\/11\/IMG_7753-e1604691909828.jpg 2016w\" sizes=\"(max-width: 300px) 100vw, 300px\" \/><\/a>\n\t\t\t<\/dt><\/dl><br style=\"clear: both\" \/><dl class='gallery-item'>\n\t\t\t<dt class='gallery-icon landscape'>\n\t\t\t\t<a href='https:\/\/plataformafosaspaterna.org\/wp-content\/uploads\/2020\/11\/IMG_7741-e1604691854608.jpg'><img loading=\"lazy\" decoding=\"async\" width=\"300\" height=\"225\" src=\"https:\/\/plataformafosaspaterna.org\/wp-content\/uploads\/2020\/11\/IMG_7741-e1604691854608-300x225.jpg\" class=\"attachment-medium size-medium\" alt=\"\" srcset=\"https:\/\/plataformafosaspaterna.org\/wp-content\/uploads\/2020\/11\/IMG_7741-e1604691854608-300x225.jpg 300w, https:\/\/plataformafosaspaterna.org\/wp-content\/uploads\/2020\/11\/IMG_7741-e1604691854608-1024x768.jpg 1024w, https:\/\/plataformafosaspaterna.org\/wp-content\/uploads\/2020\/11\/IMG_7741-e1604691854608-768x576.jpg 768w, https:\/\/plataformafosaspaterna.org\/wp-content\/uploads\/2020\/11\/IMG_7741-e1604691854608-1536x1152.jpg 1536w, https:\/\/plataformafosaspaterna.org\/wp-content\/uploads\/2020\/11\/IMG_7741-e1604691854608-1600x1200.jpg 1600w, https:\/\/plataformafosaspaterna.org\/wp-content\/uploads\/2020\/11\/IMG_7741-e1604691854608.jpg 2016w\" sizes=\"(max-width: 300px) 100vw, 300px\" \/><\/a>\n\t\t\t<\/dt><\/dl><dl class='gallery-item'>\n\t\t\t<dt class='gallery-icon landscape'>\n\t\t\t\t<a href='https:\/\/plataformafosaspaterna.org\/wp-content\/uploads\/2020\/11\/IMG_7736-e1604691827421.jpg'><img loading=\"lazy\" decoding=\"async\" width=\"300\" height=\"225\" src=\"https:\/\/plataformafosaspaterna.org\/wp-content\/uploads\/2020\/11\/IMG_7736-e1604691827421-300x225.jpg\" class=\"attachment-medium size-medium\" alt=\"\" srcset=\"https:\/\/plataformafosaspaterna.org\/wp-content\/uploads\/2020\/11\/IMG_7736-e1604691827421-300x225.jpg 300w, https:\/\/plataformafosaspaterna.org\/wp-content\/uploads\/2020\/11\/IMG_7736-e1604691827421-1024x768.jpg 1024w, https:\/\/plataformafosaspaterna.org\/wp-content\/uploads\/2020\/11\/IMG_7736-e1604691827421-768x576.jpg 768w, https:\/\/plataformafosaspaterna.org\/wp-content\/uploads\/2020\/11\/IMG_7736-e1604691827421-1536x1152.jpg 1536w, https:\/\/plataformafosaspaterna.org\/wp-content\/uploads\/2020\/11\/IMG_7736-e1604691827421-1600x1200.jpg 1600w, https:\/\/plataformafosaspaterna.org\/wp-content\/uploads\/2020\/11\/IMG_7736-e1604691827421.jpg 2016w\" sizes=\"(max-width: 300px) 100vw, 300px\" \/><\/a>\n\t\t\t<\/dt><\/dl><dl class='gallery-item'>\n\t\t\t<dt class='gallery-icon landscape'>\n\t\t\t\t<a href='https:\/\/plataformafosaspaterna.org\/wp-content\/uploads\/2020\/11\/IMG_7726-e1604691771677.jpg'><img loading=\"lazy\" decoding=\"async\" width=\"300\" height=\"225\" src=\"https:\/\/plataformafosaspaterna.org\/wp-content\/uploads\/2020\/11\/IMG_7726-e1604691771677-300x225.jpg\" class=\"attachment-medium size-medium\" alt=\"\" srcset=\"https:\/\/plataformafosaspaterna.org\/wp-content\/uploads\/2020\/11\/IMG_7726-e1604691771677-300x225.jpg 300w, https:\/\/plataformafosaspaterna.org\/wp-content\/uploads\/2020\/11\/IMG_7726-e1604691771677-1024x768.jpg 1024w, https:\/\/plataformafosaspaterna.org\/wp-content\/uploads\/2020\/11\/IMG_7726-e1604691771677-768x576.jpg 768w, https:\/\/plataformafosaspaterna.org\/wp-content\/uploads\/2020\/11\/IMG_7726-e1604691771677-1536x1152.jpg 1536w, https:\/\/plataformafosaspaterna.org\/wp-content\/uploads\/2020\/11\/IMG_7726-e1604691771677-1600x1200.jpg 1600w, https:\/\/plataformafosaspaterna.org\/wp-content\/uploads\/2020\/11\/IMG_7726-e1604691771677.jpg 2016w\" sizes=\"(max-width: 300px) 100vw, 300px\" \/><\/a>\n\t\t\t<\/dt><\/dl><br style=\"clear: both\" \/>\n\t\t<\/div>\n\n","protected":false},"excerpt":{"rendered":"<p>Un equip de rodatge del Taller d\u2019Audiovisuals de la Universitat de Val\u00e8ncia es va despla\u00e7ar fins a Paterna el passat 4 de novembre per tal de gravar imatges de les fosses i les tombes que el familiars havien cobert de flors amb motiu de la festivitat de Tots Sants. La gravaci\u00f3 s\u2019utilitzar\u00e0 per a la&hellip;&nbsp;<a href=\"https:\/\/plataformafosaspaterna.org\/?p=66\" class=\"\" rel=\"bookmark\">Leer m\u00e1s &raquo;<span class=\"screen-reader-text\">Primer dia de rodatge del teaser<\/span><\/a><\/p>\n","protected":false},"author":6,"featured_media":0,"comment_status":"open","ping_status":"open","sticky":false,"template":"","format":"standard","meta":{"_monsterinsights_skip_tracking":false,"_monsterinsights_sitenote_active":false,"_monsterinsights_sitenote_note":"","_monsterinsights_sitenote_category":0,"neve_meta_sidebar":"full-width","neve_meta_container":"full-width","neve_meta_enable_content_width":"on","neve_meta_content_width":90,"neve_meta_title_alignment":"","neve_meta_author_avatar":"","neve_post_elements_order":"","neve_meta_disable_header":"","neve_meta_disable_footer":"","neve_meta_disable_title":"","footnotes":""},"categories":[1],"tags":[5,4,3],"class_list":["post-66","post","type-post","status-publish","format-standard","hentry","category-sin-categoria","tag-documental","tag-grabacio","tag-rodatge"],"lang":"ca","translations":{"ca":66},"pll_sync_post":[],"_links":{"self":[{"href":"https:\/\/plataformafosaspaterna.org\/index.php?rest_route=\/wp\/v2\/posts\/66","targetHints":{"allow":["GET"]}}],"collection":[{"href":"https:\/\/plataformafosaspaterna.org\/index.php?rest_route=\/wp\/v2\/posts"}],"about":[{"href":"https:\/\/plataformafosaspaterna.org\/index.php?rest_route=\/wp\/v2\/types\/post"}],"author":[{"embeddable":true,"href":"https:\/\/plataformafosaspaterna.org\/index.php?rest_route=\/wp\/v2\/users\/6"}],"replies":[{"embeddable":true,"href":"https:\/\/plataformafosaspaterna.org\/index.php?rest_route=%2Fwp%2Fv2%2Fcomments&post=66"}],"version-history":[{"count":13,"href":"https:\/\/plataformafosaspaterna.org\/index.php?rest_route=\/wp\/v2\/posts\/66\/revisions"}],"predecessor-version":[{"id":3703,"href":"https:\/\/plataformafosaspaterna.org\/index.php?rest_route=\/wp\/v2\/posts\/66\/revisions\/3703"}],"wp:attachment":[{"href":"https:\/\/plataformafosaspaterna.org\/index.php?rest_route=%2Fwp%2Fv2%2Fmedia&parent=66"}],"wp:term":[{"taxonomy":"category","embeddable":true,"href":"https:\/\/plataformafosaspaterna.org\/index.php?rest_route=%2Fwp%2Fv2%2Fcategories&post=66"},{"taxonomy":"post_tag","embeddable":true,"href":"https:\/\/plataformafosaspaterna.org\/index.php?rest_route=%2Fwp%2Fv2%2Ftags&post=66"}],"curies":[{"name":"wp","href":"https:\/\/api.w.org\/{rel}","templated":true}]}}